{"id":169389,"date":"2021-10-22T09:56:00","date_gmt":"2021-10-22T07:56:00","guid":{"rendered":"https:\/\/www.blanescostabrava.cat\/?p=169389"},"modified":"2021-12-22T09:57:31","modified_gmt":"2021-12-22T08:57:31","slug":"blanes-torna-a-lepoca-romana-blanda-romana-est-2","status":"publish","type":"post","link":"https:\/\/www.blanescostabrava.cat\/es\/blanes-torna-a-lepoca-romana-blanda-romana-est-2\/","title":{"rendered":"Blanes coloca un observatorio de p\u00e1jaros en el Delta de la Tordera"},"content":{"rendered":"<p class=\"p1\">Como bien sab\u00e9is, Blanes es naturaleza, y es que nuestra ciudad es un museo natural al aire libre. Aparte de contar con dos espectaculares jardines, dos joyas reconocidas mundialmente, nuestro patrimonio natural se extiende m\u00e1s all\u00e1, y es que estamos rodeados de un entorno con un gran valor paisaj\u00edstico y natural.<\/p>\n<p class=\"p1\">Uno de los lugares que forma parte de este rico patrimonio natural es el Delta de la Tordera, y es que este lugar se encuentra en un punto estrat\u00e9gico en la emigraci\u00f3n de muchas especies de aves, lo que convierte a este espacio natural, en una zona privilegiada para la observaci\u00f3n de p\u00e1jaros.<\/p>\n<p>\u00a0<\/p>\n<p><img class=\"aligncenter wp-image-169419 size-full\" src=\"https:\/\/www.blanescostabrava.cat\/wp-content\/uploads\/2021\/12\/39.jpg\" alt=\"\" width=\"600\" height=\"338\" srcset=\"https:\/\/www.blanescostabrava.cat\/wp-content\/uploads\/2021\/12\/39.jpg 600w, https:\/\/www.blanescostabrava.cat\/wp-content\/uploads\/2021\/12\/39-300x169.jpg 300w, https:\/\/www.blanescostabrava.cat\/wp-content\/uploads\/2021\/12\/39-150x85.jpg 150w, https:\/\/www.blanescostabrava.cat\/wp-content\/uploads\/2021\/12\/39-24x14.jpg 24w, https:\/\/www.blanescostabrava.cat\/wp-content\/uploads\/2021\/12\/39-36x20.jpg 36w, https:\/\/www.blanescostabrava.cat\/wp-content\/uploads\/2021\/12\/39-48x27.jpg 48w\" sizes=\"(max-width: 600px) 100vw, 600px\" \/><\/p>\n\n\n\n\n<p><\/p>\n\n\n\n<p>El Temporal Gl\u00f2ria de hace un a\u00f1o, regener\u00f3 la laguna de la desembocadura del r\u00edo Tordera gracias a la gran cantidad de sedimentos que arrastr\u00f3 el r\u00edo.<\/p>\n\n\n\n<p>Un a\u00f1o despu\u00e9s, este espacio, en el que la presencia humana se ha prohibido despu\u00e9s de la pandemia, ha propiciado que vuelvan a vivir p\u00e1jaros que hac\u00eda d\u00e9cadas que no se ve\u00edan, y que hayan aparecido especies que nunca se hab\u00edan detectado. De hecho, este espacio se ha convertido en un para\u00edso natural inesperado.<\/p>\n\n\n\n<p>Uno de los hechos que m\u00e1s ha llamado la atenci\u00f3n y asombrado a los bi\u00f3logos, naturalistas y curiosos, ha sido la presencia de flamencos o bien, la de un ejemplar de \u00e1guila pescadora, una especie protegida que se dej\u00f3 ver durante tres semanas.<\/p>\n\n\n\n<p>Para proteger e impedir que la gente pueda acceder a esta \u00e1rea protegida y catalogada como zona especial de conservaci\u00f3n, se ha llevado a cabo un operativo para cerrar este sitio y prohibir el ba\u00f1o a cualquier persona.<\/p>\n\n\n\n<p>Aun as\u00ed, para todos aquellos curiosos y amantes de la naturaleza, se han instalado dos tramos con pantallas de madera para poder observar y fotografiar las aves, as\u00ed como carteles informativos y divulgativos sobre los valores ambientales de este espacio.<\/p>\n\n\n\n<p>Se trata de dos zonas con pantallas de madera que disponen de aberturas a diferentes alturas. En los tramos m\u00e1s bajos, existe una bancada que facilita la labor de las personas aficionadas a la fotograf\u00eda o bien para que puedan admirar con prism\u00e1ticos la gran variedad de especies de p\u00e1jaros que se pueden observar. De este modo, se puede ir a ver las aves y la naturaleza que les rodea, pero sin que la presencia humana sea tan notoria para que les estorbe.<\/p>\n","protected":false},"excerpt":{"rendered":"<p>Como bien sab\u00e9is, Blanes es naturaleza, y es que nuestra ciudad es un museo natural al aire libre. Aparte de contar con dos espectaculares jardines, dos joyas reconocidas mundialmente, nuestro patrimonio natural se extiende m\u00e1s all\u00e1, y es que estamos rodeados de un entorno con un gran valor paisaj\u00edstico y natural.<\/p>\n","protected":false},"author":37,"featured_media":169405,"comment_status":"closed","ping_status":"closed","sticky":false,"template":"","format":"standard","meta":{"footnotes":""},"categories":[843],"tags":[],"class_list":{"0":"post-169389","1":"post","2":"type-post","3":"status-publish","4":"format-standard","5":"has-post-thumbnail","7":"category-noticias"},"menu_order":0,"_links":{"self":[{"href":"https:\/\/www.blanescostabrava.cat\/es\/wp-json\/wp\/v2\/posts\/169389","targetHints":{"allow":["GET"]}}],"collection":[{"href":"https:\/\/www.blanescostabrava.cat\/es\/wp-json\/wp\/v2\/posts"}],"about":[{"href":"https:\/\/www.blanescostabrava.cat\/es\/wp-json\/wp\/v2\/types\/post"}],"author":[{"embeddable":true,"href":"https:\/\/www.blanescostabrava.cat\/es\/wp-json\/wp\/v2\/users\/37"}],"replies":[{"embeddable":true,"href":"https:\/\/www.blanescostabrava.cat\/es\/wp-json\/wp\/v2\/comments?post=169389"}],"version-history":[{"count":0,"href":"https:\/\/www.blanescostabrava.cat\/es\/wp-json\/wp\/v2\/posts\/169389\/revisions"}],"wp:featuredmedia":[{"embeddable":true,"href":"https:\/\/www.blanescostabrava.cat\/es\/wp-json\/wp\/v2\/media\/169405"}],"wp:attachment":[{"href":"https:\/\/www.blanescostabrava.cat\/es\/wp-json\/wp\/v2\/media?parent=169389"}],"wp:term":[{"taxonomy":"category","embeddable":true,"href":"https:\/\/www.blanescostabrava.cat\/es\/wp-json\/wp\/v2\/categories?post=169389"},{"taxonomy":"post_tag","embeddable":true,"href":"https:\/\/www.blanescostabrava.cat\/es\/wp-json\/wp\/v2\/tags?post=169389"}],"curies":[{"name":"wp","href":"https:\/\/api.w.org\/{rel}","templated":true}]}}