{"id":169541,"date":"2021-11-25T09:33:00","date_gmt":"2021-11-25T08:33:00","guid":{"rendered":"https:\/\/www.blanescostabrava.cat\/?p=169541"},"modified":"2022-01-12T09:33:52","modified_gmt":"2022-01-12T08:33:52","slug":"la-font-gotica-de-blanes","status":"publish","type":"post","link":"https:\/\/www.blanescostabrava.cat\/es\/la-font-gotica-de-blanes\/","title":{"rendered":"La Fuente G\u00f3tica de Blanes"},"content":{"rendered":"<p class=\"p1\">Blanes es mucho m\u00e1s que un pueblo de playas paradis\u00edacas y calas encantadoras. Blanes es un pueblo con m\u00e1s de mil a\u00f1os de historia. Solo hace falta dar una peque\u00f1a vuelta por las calles del centro de nuestra villa para encontrar un mont\u00f3n de edificios, ermitas y monumentos que explican a nuestros visitantes nuestro pasado milenario.<\/p>\n<p class=\"p1\">Es por eso, que hoy queremos hablaros de uno de los s\u00edmbolos m\u00e1s ic\u00f3nicos y con m\u00e1s historia de nuestro pueblo, hoy queremos contaros la historia de la Fuente G\u00f3tica.<\/p>\n<p>\u00a0<\/p>\n<p><img class=\"aligncenter wp-image-169565 size-full\" src=\"https:\/\/www.blanescostabrava.cat\/wp-content\/uploads\/2022\/01\/blanes-font-gotica-co\u0300pia-scaled.jpg\" alt=\"\" width=\"1707\" height=\"2560\" srcset=\"https:\/\/www.blanescostabrava.cat\/wp-content\/uploads\/2022\/01\/blanes-font-gotica-co\u0300pia-scaled.jpg 1707w, https:\/\/www.blanescostabrava.cat\/wp-content\/uploads\/2022\/01\/blanes-font-gotica-co\u0300pia-200x300.jpg 200w, https:\/\/www.blanescostabrava.cat\/wp-content\/uploads\/2022\/01\/blanes-font-gotica-co\u0300pia-683x1024.jpg 683w, https:\/\/www.blanescostabrava.cat\/wp-content\/uploads\/2022\/01\/blanes-font-gotica-co\u0300pia-100x150.jpg 100w, https:\/\/www.blanescostabrava.cat\/wp-content\/uploads\/2022\/01\/blanes-font-gotica-co\u0300pia-768x1152.jpg 768w, https:\/\/www.blanescostabrava.cat\/wp-content\/uploads\/2022\/01\/blanes-font-gotica-co\u0300pia-1024x1536.jpg 1024w, https:\/\/www.blanescostabrava.cat\/wp-content\/uploads\/2022\/01\/blanes-font-gotica-co\u0300pia-1365x2048.jpg 1365w, https:\/\/www.blanescostabrava.cat\/wp-content\/uploads\/2022\/01\/blanes-font-gotica-co\u0300pia-16x24.jpg 16w, https:\/\/www.blanescostabrava.cat\/wp-content\/uploads\/2022\/01\/blanes-font-gotica-co\u0300pia-24x36.jpg 24w, https:\/\/www.blanescostabrava.cat\/wp-content\/uploads\/2022\/01\/blanes-font-gotica-co\u0300pia-32x48.jpg 32w\" sizes=\"(max-width: 1707px) 100vw, 1707px\" \/><\/p>\n\n\n\n\n<p><\/p>\n\n\n\n<p>Su singularidad como fuente de estilo g\u00f3tico civil la convierte en pieza \u00fanica del patrimonio catal\u00e1n y en sello inconfundible de nuestro pueblo. De forma octogonal, se construy\u00f3 en el siglo XV, a instancias de la vizcondesa de Cabrera, Violant de Cabrera, mujer de Bernat V de Cabrera, y el gremio de los hiladores de lana. Al parecer, la fuente fue construida para acabar con la dram\u00e1tica situaci\u00f3n higi\u00e9nica de los vecinos del pueblo.<\/p>\n\n\n\n<p>Esta fuente, que es la mejor conservada de la arquitectura g\u00f3tica civil catalana y una de las m\u00e1s importantes de Europa, fue terminada en 1443, y est\u00e1 bellamente decorada con pin\u00e1culos, g\u00e1rgolas, un medall\u00f3n central con el escudo de la casa de Cabrera y, en el lado norte, un escudo con un telar bajo relieve. La cubierta de la fuente est\u00e1 rematada por una aguja con la figura de un \u00e1ngel con el r\u00f3tulo \u00abAve Maria Plena de Gr\u00e0cia\u00bb.<\/p>\n\n\n\n<p>En 2003, se inici\u00f3 el proyecto de conservaci\u00f3n y limpieza, que termin\u00f3 en 2006.<\/p>\n\n\n\n<p>Actualmente, la fuente ya no suministra agua a los vecinos del pueblo. Esta medida se ha adoptado con el objetivo de preservar este s\u00edmbolo de Blanes y evitar la erosi\u00f3n de la piedra que componen la fuente.<\/p>\n\n\n\n<p>Si viene de visita a nuestro pueblo, no puede irse sin hacerle una visita, adem\u00e1s, no tendr\u00e1 que buscarla demasiado, ya que la encontrar\u00e1 ubicada en el \u201cCarrer Ample\u201d, sin duda, una de las calles m\u00e1s comerciales de nuestro pueblo.<\/p>\n","protected":false},"excerpt":{"rendered":"<p>Blanes es mucho m\u00e1s que un pueblo de playas paradis\u00edacas y calas encantadoras. Blanes es un pueblo con m\u00e1s de mil a\u00f1os de historia. Solo hace falta dar una peque\u00f1a vuelta por las calles del centro de nuestra villa para encontrar un mont\u00f3n de edificios, ermitas y monumentos que explican a nuestros visitantes nuestro pasado milenario.<br \/>\nNom\u00e9s cal donar una petita volta pels carrers del centre de la nostra vila per trobar-hi un munt d&#8217;edificis, ermites i monuments que expliquen als nostres visitants el nostre passat mil\u00b7lenari.<\/p>\n","protected":false},"author":37,"featured_media":169565,"comment_status":"closed","ping_status":"closed","sticky":false,"template":"","format":"standard","meta":{"footnotes":""},"categories":[843],"tags":[],"class_list":{"0":"post-169541","1":"post","2":"type-post","3":"status-publish","4":"format-standard","5":"has-post-thumbnail","7":"category-noticias"},"menu_order":0,"_links":{"self":[{"href":"https:\/\/www.blanescostabrava.cat\/es\/wp-json\/wp\/v2\/posts\/169541","targetHints":{"allow":["GET"]}}],"collection":[{"href":"https:\/\/www.blanescostabrava.cat\/es\/wp-json\/wp\/v2\/posts"}],"about":[{"href":"https:\/\/www.blanescostabrava.cat\/es\/wp-json\/wp\/v2\/types\/post"}],"author":[{"embeddable":true,"href":"https:\/\/www.blanescostabrava.cat\/es\/wp-json\/wp\/v2\/users\/37"}],"replies":[{"embeddable":true,"href":"https:\/\/www.blanescostabrava.cat\/es\/wp-json\/wp\/v2\/comments?post=169541"}],"version-history":[{"count":0,"href":"https:\/\/www.blanescostabrava.cat\/es\/wp-json\/wp\/v2\/posts\/169541\/revisions"}],"wp:featuredmedia":[{"embeddable":true,"href":"https:\/\/www.blanescostabrava.cat\/es\/wp-json\/wp\/v2\/media\/169565"}],"wp:attachment":[{"href":"https:\/\/www.blanescostabrava.cat\/es\/wp-json\/wp\/v2\/media?parent=169541"}],"wp:term":[{"taxonomy":"category","embeddable":true,"href":"https:\/\/www.blanescostabrava.cat\/es\/wp-json\/wp\/v2\/categories?post=169541"},{"taxonomy":"post_tag","embeddable":true,"href":"https:\/\/www.blanescostabrava.cat\/es\/wp-json\/wp\/v2\/tags?post=169541"}],"curies":[{"name":"wp","href":"https:\/\/api.w.org\/{rel}","templated":true}]}}