{"id":63648,"date":"2019-06-19T11:04:30","date_gmt":"2019-06-19T09:04:30","guid":{"rendered":"https:\/\/www.blanescostabrava.cat\/?p=63648"},"modified":"2019-10-23T18:56:28","modified_gmt":"2019-10-23T16:56:28","slug":"alfombras-de-flores-por-el-corpus","status":"publish","type":"post","link":"https:\/\/www.blanescostabrava.cat\/es\/alfombras-de-flores-por-el-corpus\/","title":{"rendered":"Alfombras de flores por el Corpus"},"content":{"rendered":"<h2><strong>Alfombras de flores por el Corpus<\/strong><\/h2>\n<p>La celebraci\u00f3n del <strong>Corpus en Blanes<\/strong> es una festividad \u00fanica, tradicional y esperada por muchos vecinos de la localidad. Consiste en decorar y engalanar las calles del centro hist\u00f3rico con alfombras realizadas con flores con representaciones blandenses como el escudo, los jardines mediterr\u00e1neos, paisajes mar\u00edtimos que definen a la perfecci\u00f3n Blanes&#8230;<\/p>\n<p>Esta celebraci\u00f3n se realiza anualmente el domingo despu\u00e9s del jueves de <strong>Corpus<\/strong>. Este a\u00f1o coincide con el mismo d\u00eda de la verbena de San Juan, un d\u00eda ideal para disfrutar de Blanes tanto de d\u00eda como de noche.<\/p>\n<p>La tradici\u00f3n de las alfombras florales por el Corpus se remonta hace muchos a\u00f1os, pero desde hace m\u00e1s de 40 tom\u00f3 un fuerte impulso para hacer de este evento lo que es hoy: un espect\u00e1culo visual y arom\u00e1tico. Se realiza en las calles del <strong>Barrio del Raval,<\/strong> las m\u00e1s cercanas a la<strong> iglesia de Santa Mar\u00eda<\/strong>.<\/p>\n<p>Los vecinos de este barrio son quienes se encargan de preparar las alfombras florales con diferentes elementos como tierra, corteza, hojas y flores, previamente dise\u00f1adas y dibujadas en el suelo por artistas de la localidad.<\/p>\n<p><img class=\"aligncenter wp-image-61094 size-full\" src=\"https:\/\/www.blanescostabrava.cat\/wp-content\/uploads\/2018\/06\/DRCHYYg.jpeg\" alt=\"catifes corpus\" width=\"720\" height=\"900\" srcset=\"https:\/\/www.blanescostabrava.cat\/wp-content\/uploads\/2018\/06\/DRCHYYg.jpeg 720w, https:\/\/www.blanescostabrava.cat\/wp-content\/uploads\/2018\/06\/DRCHYYg-120x150.jpeg 120w, https:\/\/www.blanescostabrava.cat\/wp-content\/uploads\/2018\/06\/DRCHYYg-240x300.jpeg 240w, https:\/\/www.blanescostabrava.cat\/wp-content\/uploads\/2018\/06\/DRCHYYg-19x24.jpeg 19w, https:\/\/www.blanescostabrava.cat\/wp-content\/uploads\/2018\/06\/DRCHYYg-29x36.jpeg 29w, https:\/\/www.blanescostabrava.cat\/wp-content\/uploads\/2018\/06\/DRCHYYg-38x48.jpeg 38w\" sizes=\"(max-width: 720px) 100vw, 720px\" \/><\/p>\n<p>Como es un acto religioso, por la noche se realiza una procesi\u00f3n que sale desde la iglesia, acompa\u00f1ada por una banda musical.<\/p>\n<p>V<strong>isitar Blanes<\/strong> este d\u00eda es una oportunidad \u00fanica para disfrutar de un ambiente de colaboraci\u00f3n, hermandad y sobre todo de disfrutar realizando una tradici\u00f3n tan blandense, mientras paseas por las calles del centro de la ciudad en una fecha tan especial.<\/p>\n","protected":false},"excerpt":{"rendered":"<p>Alfombras de flores por el Corpus La celebraci\u00f3n del Corpus en Blanes es una festividad \u00fanica, tradicional y esperada por&#8230;<\/p>\n","protected":false},"author":12,"featured_media":61115,"comment_status":"closed","ping_status":"closed","sticky":false,"template":"","format":"standard","meta":{"footnotes":""},"categories":[843],"tags":[],"class_list":{"0":"post-63648","1":"post","2":"type-post","3":"status-publish","4":"format-standard","5":"has-post-thumbnail","7":"category-noticias"},"menu_order":0,"_links":{"self":[{"href":"https:\/\/www.blanescostabrava.cat\/es\/wp-json\/wp\/v2\/posts\/63648","targetHints":{"allow":["GET"]}}],"collection":[{"href":"https:\/\/www.blanescostabrava.cat\/es\/wp-json\/wp\/v2\/posts"}],"about":[{"href":"https:\/\/www.blanescostabrava.cat\/es\/wp-json\/wp\/v2\/types\/post"}],"author":[{"embeddable":true,"href":"https:\/\/www.blanescostabrava.cat\/es\/wp-json\/wp\/v2\/users\/12"}],"replies":[{"embeddable":true,"href":"https:\/\/www.blanescostabrava.cat\/es\/wp-json\/wp\/v2\/comments?post=63648"}],"version-history":[{"count":0,"href":"https:\/\/www.blanescostabrava.cat\/es\/wp-json\/wp\/v2\/posts\/63648\/revisions"}],"wp:featuredmedia":[{"embeddable":true,"href":"https:\/\/www.blanescostabrava.cat\/es\/wp-json\/wp\/v2\/media\/61115"}],"wp:attachment":[{"href":"https:\/\/www.blanescostabrava.cat\/es\/wp-json\/wp\/v2\/media?parent=63648"}],"wp:term":[{"taxonomy":"category","embeddable":true,"href":"https:\/\/www.blanescostabrava.cat\/es\/wp-json\/wp\/v2\/categories?post=63648"},{"taxonomy":"post_tag","embeddable":true,"href":"https:\/\/www.blanescostabrava.cat\/es\/wp-json\/wp\/v2\/tags?post=63648"}],"curies":[{"name":"wp","href":"https:\/\/api.w.org\/{rel}","templated":true}]}}