{"id":83090,"date":"2020-05-19T10:38:44","date_gmt":"2020-05-19T08:38:44","guid":{"rendered":"https:\/\/www.blanescostabrava.cat\/allotjaments-a-blanes\/"},"modified":"2020-05-19T10:52:42","modified_gmt":"2020-05-19T08:52:42","slug":"alojamientos-en-blanes","status":"publish","type":"post","link":"https:\/\/www.blanescostabrava.cat\/es\/alojamientos-en-blanes\/","title":{"rendered":"Alojamientos en Blanes"},"content":{"rendered":"<p><span style=\"font-weight: 400;\">Este a\u00f1o, por raz\u00f3n de la Covid 19, ha nacido una nueva oportunidad para todo aquel turismo del pa\u00eds que quiz\u00e1s todav\u00eda no hab\u00eda descubierto las maravillas que tiene muy cerca. Quiz\u00e1s es tu caso, de alguna manera has sobrevalorado playas y ambientes de otros pa\u00edses sin darte cuenta de que a veces no hay que ir tan lejos para disfrutar de fant\u00e1sticos paisajes veraniegos. Las limitaciones a viajar fuera del pa\u00eds han frustrado las ilusiones de algunos planes que quiz\u00e1s ten\u00edamos ya encarrilados, pero lo cierto es que la ausencia de turismo extranjero en nuestro territorio, tambi\u00e9n puede ser un reclamo para reencontrarnos con nuestra tierra y disfrutarla con m\u00e1s tranquilidad.<\/span><\/p>\n<p><span style=\"font-weight: 400;\">Los alojamientos de Blanes tienen ganas de darte la bienvenida una vez se levante la limitaci\u00f3n que ahora mismo no permite la movilidad entre diferentes zonas. Cada d\u00eda surgen nuevas directrices que gu\u00edan pasos todav\u00eda inseguros, pero que a buen seguro, miran adelante para conseguir entre todos un nuevo renacimiento.<\/span><\/p>\n<p>&nbsp;<\/p>\n<p><span style=\"font-weight: 400;\"><img class=\"aligncenter size-full wp-image-83078\" src=\"https:\/\/www.blanescostabrava.cat\/wp-content\/uploads\/2020\/05\/camping.jpg\" alt=\"\" width=\"900\" height=\"583\" srcset=\"https:\/\/www.blanescostabrava.cat\/wp-content\/uploads\/2020\/05\/camping.jpg 900w, https:\/\/www.blanescostabrava.cat\/wp-content\/uploads\/2020\/05\/camping-150x97.jpg 150w, https:\/\/www.blanescostabrava.cat\/wp-content\/uploads\/2020\/05\/camping-300x194.jpg 300w, https:\/\/www.blanescostabrava.cat\/wp-content\/uploads\/2020\/05\/camping-768x497.jpg 768w, https:\/\/www.blanescostabrava.cat\/wp-content\/uploads\/2020\/05\/camping-24x16.jpg 24w, https:\/\/www.blanescostabrava.cat\/wp-content\/uploads\/2020\/05\/camping-36x23.jpg 36w, https:\/\/www.blanescostabrava.cat\/wp-content\/uploads\/2020\/05\/camping-48x31.jpg 48w\" sizes=\"(max-width: 900px) 100vw, 900px\" \/><\/span><\/p>\n<p><span style=\"font-weight: 400;\">Blanes es una ciudad con una gran y variada oferta de alojamientos. Los Campings de Blanes, situados mayoritariamente cerca del delta del Tordera, ofrecen un ambiente de naturaleza con espacios abiertos en las playas y el centro urbano. Los amantes del camping conocen el bienestar que producen unas vacaciones al aire libre en estos momentos. Seguro que en los campings de Blanes encontrar\u00e1n la oportunidad vacacional que estaban buscando.<\/span><\/p>\n<p><span style=\"font-weight: 400;\">Por otra parte, los apartamentos de Blanes han ido renov\u00e1ndose a\u00f1o tras a\u00f1o para ofrecer unas instalaciones de acuerdo con las necesidades del cliente del siglo XXI, por lo tanto, seguir\u00e1n siendo una v\u00eda \u00f3ptima para hacer una estancia agradable a la ciudad. As\u00ed, se permitir\u00e1 conocer el entorno fascinante de la Costa Brava que Blanes les ofrece.<\/span><\/p>\n<p>&nbsp;<\/p>\n<p><span style=\"font-weight: 400;\"><img class=\"aligncenter size-full wp-image-83071\" src=\"https:\/\/www.blanescostabrava.cat\/wp-content\/uploads\/2020\/05\/hotel.jpg\" alt=\"\" width=\"900\" height=\"583\" srcset=\"https:\/\/www.blanescostabrava.cat\/wp-content\/uploads\/2020\/05\/hotel.jpg 900w, https:\/\/www.blanescostabrava.cat\/wp-content\/uploads\/2020\/05\/hotel-150x97.jpg 150w, https:\/\/www.blanescostabrava.cat\/wp-content\/uploads\/2020\/05\/hotel-300x194.jpg 300w, https:\/\/www.blanescostabrava.cat\/wp-content\/uploads\/2020\/05\/hotel-768x497.jpg 768w, https:\/\/www.blanescostabrava.cat\/wp-content\/uploads\/2020\/05\/hotel-24x16.jpg 24w, https:\/\/www.blanescostabrava.cat\/wp-content\/uploads\/2020\/05\/hotel-36x23.jpg 36w, https:\/\/www.blanescostabrava.cat\/wp-content\/uploads\/2020\/05\/hotel-48x31.jpg 48w\" sizes=\"(max-width: 900px) 100vw, 900px\" \/><\/span><\/p>\n<p><span style=\"font-weight: 400;\">Los hoteles de Blanes son la alternativa adecuada si lo que quieres es disfrutar de la ciudad con todas las comodidades de un alojamiento que se encarga de todo para que no tengas que preocuparte de nada. La oferta de hoteles de Blanes es muy amplia, dispones de muchas alternativas, tanto en cuanto a precio, como ubicaci\u00f3n, como oferta interna. La situaci\u00f3n actual requiere que cada hotel de Blanes se adapte para continuar garantizando todas las comodidades a sus clientes. La ilusi\u00f3n y las ganas de recibirlos marcan cada ajuste a emprender.<\/span><\/p>\n<p><span style=\"font-weight: 400;\">De hecho, es as\u00ed, los alojamientos de Blanes desean empezar a acoger clientes, saben que en breve lo podr\u00e1n hacer, y por este motivo, no ahorran esfuerzos en las renovaciones necesarias. Elegir Blanes como destino para este verano tan especial, te permitir\u00e1 conocer un rinc\u00f3n de la Costa Brava donde podr\u00e1s disfrutar de la emoci\u00f3n de paisaje, playa, ciudad y cultura. \u00a1No te lo puedes perder!<\/span><\/p>\n","protected":false},"excerpt":{"rendered":"<p>Este a\u00f1o, por raz\u00f3n de la Covid 19, ha nacido una nueva oportunidad para todo aquel turismo del pa\u00eds que&#8230;<\/p>\n","protected":false},"author":9,"featured_media":83084,"comment_status":"closed","ping_status":"closed","sticky":false,"template":"","format":"standard","meta":{"footnotes":""},"categories":[843],"tags":[2079,2083],"class_list":{"0":"post-83090","1":"post","2":"type-post","3":"status-publish","4":"format-standard","5":"has-post-thumbnail","7":"category-noticias","8":"tag-allotjaments-es","9":"tag-estiu-es"},"menu_order":0,"_links":{"self":[{"href":"https:\/\/www.blanescostabrava.cat\/es\/wp-json\/wp\/v2\/posts\/83090","targetHints":{"allow":["GET"]}}],"collection":[{"href":"https:\/\/www.blanescostabrava.cat\/es\/wp-json\/wp\/v2\/posts"}],"about":[{"href":"https:\/\/www.blanescostabrava.cat\/es\/wp-json\/wp\/v2\/types\/post"}],"author":[{"embeddable":true,"href":"https:\/\/www.blanescostabrava.cat\/es\/wp-json\/wp\/v2\/users\/9"}],"replies":[{"embeddable":true,"href":"https:\/\/www.blanescostabrava.cat\/es\/wp-json\/wp\/v2\/comments?post=83090"}],"version-history":[{"count":0,"href":"https:\/\/www.blanescostabrava.cat\/es\/wp-json\/wp\/v2\/posts\/83090\/revisions"}],"wp:featuredmedia":[{"embeddable":true,"href":"https:\/\/www.blanescostabrava.cat\/es\/wp-json\/wp\/v2\/media\/83084"}],"wp:attachment":[{"href":"https:\/\/www.blanescostabrava.cat\/es\/wp-json\/wp\/v2\/media?parent=83090"}],"wp:term":[{"taxonomy":"category","embeddable":true,"href":"https:\/\/www.blanescostabrava.cat\/es\/wp-json\/wp\/v2\/categories?post=83090"},{"taxonomy":"post_tag","embeddable":true,"href":"https:\/\/www.blanescostabrava.cat\/es\/wp-json\/wp\/v2\/tags?post=83090"}],"curies":[{"name":"wp","href":"https:\/\/api.w.org\/{rel}","templated":true}]}}