{"id":167232,"date":"2021-05-27T13:38:06","date_gmt":"2021-05-27T11:38:06","guid":{"rendered":"https:\/\/www.blanescostabrava.cat\/platges-sense-fi-platges-que-enamoren\/"},"modified":"2021-09-23T17:00:11","modified_gmt":"2021-09-23T15:00:11","slug":"des-plages-paradisiaques-a-perte-de-vue","status":"publish","type":"post","link":"https:\/\/www.blanescostabrava.cat\/fr\/des-plages-paradisiaques-a-perte-de-vue\/","title":{"rendered":"Des plages paradisiaques \u00e0 perte de vue"},"content":{"rendered":"<p>Quelques jours avant l&rsquo;arriv\u00e9e de l&rsquo;\u00e9t\u00e9, l&rsquo;une des saisons les plus attendues de l&rsquo;ann\u00e9e, et avec le beau temps qui commence \u00e0 se faire sentir partout, le moment id\u00e9al est venu de parler de l&rsquo;un des \u00e9l\u00e9ments les plus caract\u00e9ristiques de notre ville : nos plages.<br \/>\n<!--more--><\/p>\n<p>Et c&rsquo;est qu&rsquo;\u00e0 Blanes nous vivons face \u00e0 la mer, nous sommes les enfants de cette M\u00e9diterran\u00e9e qui nous donne de la personnalit\u00e9 et que nous vous invitons \u00e0 contempler et \u00e0 appr\u00e9cier dans toute son intensit\u00e9. Nous avons la chance d&rsquo;en profiter au maximum et nous vous proposons diff\u00e9rentes mani\u00e8res de vous l&rsquo;approprier, pour que vous puissiez vous baigner et vous sentir en vacances \u00e0 Blanes..<\/p>\n<p><img class=\"aligncenter wp-image-165211 size-full\" src=\"https:\/\/www.blanescostabrava.cat\/wp-content\/uploads\/2021\/06\/Captura-de-pantalla-2021-05-20-a-les-11.50.21-1.jpg\" alt=\"Platges sense fi, platges que enamoren\" width=\"1187\" height=\"886\" srcset=\"https:\/\/www.blanescostabrava.cat\/wp-content\/uploads\/2021\/06\/Captura-de-pantalla-2021-05-20-a-les-11.50.21-1.jpg 1187w, https:\/\/www.blanescostabrava.cat\/wp-content\/uploads\/2021\/06\/Captura-de-pantalla-2021-05-20-a-les-11.50.21-1-300x224.jpg 300w, https:\/\/www.blanescostabrava.cat\/wp-content\/uploads\/2021\/06\/Captura-de-pantalla-2021-05-20-a-les-11.50.21-1-1024x764.jpg 1024w, https:\/\/www.blanescostabrava.cat\/wp-content\/uploads\/2021\/06\/Captura-de-pantalla-2021-05-20-a-les-11.50.21-1-150x112.jpg 150w, https:\/\/www.blanescostabrava.cat\/wp-content\/uploads\/2021\/06\/Captura-de-pantalla-2021-05-20-a-les-11.50.21-1-768x573.jpg 768w, https:\/\/www.blanescostabrava.cat\/wp-content\/uploads\/2021\/06\/Captura-de-pantalla-2021-05-20-a-les-11.50.21-1-24x18.jpg 24w, https:\/\/www.blanescostabrava.cat\/wp-content\/uploads\/2021\/06\/Captura-de-pantalla-2021-05-20-a-les-11.50.21-1-36x27.jpg 36w, https:\/\/www.blanescostabrava.cat\/wp-content\/uploads\/2021\/06\/Captura-de-pantalla-2021-05-20-a-les-11.50.21-1-48x36.jpg 48w\" sizes=\"(max-width: 1187px) 100vw, 1187px\" \/><\/p>\n<p>Nous avons quatre kilom\u00e8tres de c\u00f4tes o\u00f9 alternent petites criques pittoresques et grandes plages, qui raviront petits et grands. Vous y trouverez tous les services n\u00e9cessaires pour passer une agr\u00e9able journ\u00e9e \u00e0 la plage et pratiquer toutes sortes de sports nautiques et sur le sable. Sur les principales plages, vous trouverez des services de restauration et de surveillance pendant toute la saison baln\u00e9aire.<\/p>\n<p>Les plages de Sant Francesc (Cala Bona), du centre de Blanes et de s&rsquo;Abanell ont \u00e9t\u00e9 r\u00e9compens\u00e9es par le \u00ab Pavillon Bleu \u00bb, encore cette ann\u00e9e. Depuis des d\u00e9cennies, ces zones de baignade de Blanes renouvellent ann\u00e9e apr\u00e8s ann\u00e9e cette distinction tr\u00e8s pris\u00e9e, qui certifie l&rsquo;excellente qualit\u00e9 environnementale de leurs plages, tant au niveau du sable que de la qualit\u00e9 de l&rsquo;eau et des services propos\u00e9s.<\/p>\n<p>Pour \u00eatre \u00e9ligible \u00e0 ce prix prestigieux, une s\u00e9rie de crit\u00e8res, d&rsquo;accessoires et de services stricts en mati\u00e8re d&rsquo;environnement, d&rsquo;\u00e9ducation et de s\u00e9curit\u00e9 doivent \u00eatre respect\u00e9s et maintenus. Cette ann\u00e9e, les trois principales zones de baignade de Blanes arboreront \u00e0 nouveau ces drapeaux bleus, et c&rsquo;est que la relation de nos plages avec ces drapeaux vient de loin, la plage de s&rsquo;Abanell a obtenu cette distinction pour la premi\u00e8re fois en 1994, la plage de Cala Bona ou de Sant Francesc a \u00e9t\u00e9 construite en 1995 et celle de Blanes Centre en 1996.<\/p>\n<p>D&rsquo;autre part, la marina du Club de Vela de Blanes a \u00e9galement revalid\u00e9 ce drapeau.<br \/>\nAlors maintenant vous le savez, cet \u00e9t\u00e9, venez passer des vacances d&rsquo;\u00e9t\u00e9 inoubliables sur les plages et les criques de Blanes.<\/p>\n","protected":false},"excerpt":{"rendered":"<p>Quelques jours avant l&rsquo;arriv\u00e9e de l&rsquo;\u00e9t\u00e9, l&rsquo;une des saisons les plus attendues de l&rsquo;ann\u00e9e, et avec le beau temps qui commence \u00e0 se faire sentir partout, le moment id\u00e9al est venu de parler de l&rsquo;un des \u00e9l\u00e9ments les plus caract\u00e9ristiques de notre ville : nos plages.<\/p>\n","protected":false},"author":37,"featured_media":165211,"comment_status":"closed","ping_status":"closed","sticky":false,"template":"","format":"standard","meta":{"footnotes":""},"categories":[1792],"tags":[],"class_list":{"0":"post-167232","1":"post","2":"type-post","3":"status-publish","4":"format-standard","5":"has-post-thumbnail","7":"category-noticias-fr"},"menu_order":0,"_links":{"self":[{"href":"https:\/\/www.blanescostabrava.cat\/fr\/wp-json\/wp\/v2\/posts\/167232","targetHints":{"allow":["GET"]}}],"collection":[{"href":"https:\/\/www.blanescostabrava.cat\/fr\/wp-json\/wp\/v2\/posts"}],"about":[{"href":"https:\/\/www.blanescostabrava.cat\/fr\/wp-json\/wp\/v2\/types\/post"}],"author":[{"embeddable":true,"href":"https:\/\/www.blanescostabrava.cat\/fr\/wp-json\/wp\/v2\/users\/37"}],"replies":[{"embeddable":true,"href":"https:\/\/www.blanescostabrava.cat\/fr\/wp-json\/wp\/v2\/comments?post=167232"}],"version-history":[{"count":0,"href":"https:\/\/www.blanescostabrava.cat\/fr\/wp-json\/wp\/v2\/posts\/167232\/revisions"}],"wp:featuredmedia":[{"embeddable":true,"href":"https:\/\/www.blanescostabrava.cat\/fr\/wp-json\/wp\/v2\/media\/165211"}],"wp:attachment":[{"href":"https:\/\/www.blanescostabrava.cat\/fr\/wp-json\/wp\/v2\/media?parent=167232"}],"wp:term":[{"taxonomy":"category","embeddable":true,"href":"https:\/\/www.blanescostabrava.cat\/fr\/wp-json\/wp\/v2\/categories?post=167232"},{"taxonomy":"post_tag","embeddable":true,"href":"https:\/\/www.blanescostabrava.cat\/fr\/wp-json\/wp\/v2\/tags?post=167232"}],"curies":[{"name":"wp","href":"https:\/\/api.w.org\/{rel}","templated":true}]}}